{"id":2650,"date":"2024-06-22T07:26:00","date_gmt":"2024-06-22T14:26:00","guid":{"rendered":"https:\/\/spracht.com\/?p=2650"},"modified":"2026-04-22T08:45:24","modified_gmt":"2026-04-22T15:45:24","slug":"spracht-debuts-flexcharge-3-wireless-charging-station-fc3b-fc3w","status":"publish","type":"post","link":"https:\/\/spracht.com\/fr\/spracht-debuts-flexcharge-3-wireless-charging-station-fc3b-fc3w\/","title":{"rendered":"Borne de recharge sans fil Spracht Debuts FlexCharge 3\u2122 (FC3B \/ FC3W)"},"content":{"rendered":"<p>Pour diffusion imm\u00e9diate<\/p>\n\n\n\n<p><em>Juin<\/em><em>&nbsp;2024<\/em><\/p>\n\n\n\n<p><strong>Parle<\/strong><strong>&nbsp;<\/strong><strong>D\u00e9buts&nbsp;<\/strong><strong>FlexCharge<\/strong><strong>&nbsp;Station de recharge sans fil 3\u2122 (FC3B \/ FC3W)<\/strong><\/p>\n\n\n\n<p><strong>PALO ALTO, CA \u2014<\/strong>&nbsp;Recharger trois appareils ne devrait pas n\u00e9cessiter trois c\u00e2bles et trois adaptateurs. Spracht pr\u00e9sente la station de recharge sans fil FlexCharge 3\u2122, une solution \u00e9l\u00e9gante et polyvalente 3-en-1 con\u00e7ue pour simplifier la recharge quotidienne.<\/p>\n\n\n\n<p>Avec le FlexCharge 3, vous pouvez charger simultan\u00e9ment un smartphone, une montre connect\u00e9e et des \u00e9couteurs, lib\u00e9rant ainsi de l'espace sur votre bureau et votre table de chevet. Exploitant la technologie Qualcomm\u00ae Quick Charge 3.0 et le Power Delivery (PD), l'adaptateur de charge rapide inclus offre une recharge efficace et ultra-rapide. Alors que d'autres vous obligent \u00e0 acheter l'adaptateur de charge rapide, Spracht l'inclut dans le package, vous permettant de commencer la charge rapide imm\u00e9diatement.&nbsp;<\/p>\n\n\n\n<p>Une conception pliable rend l'unit\u00e9 portable et pratique pour les voyages, tandis que l'alignement magn\u00e9tique maintient les appareils en place en toute s\u00e9curit\u00e9 pendant la charge. Une douce lumi\u00e8re de base permet m\u00eame de trouver et de placer facilement vos appareils dans l'obscurit\u00e9.<\/p>\n\n\n\n<p>\u201c Nous testons personnellement tous les produits que nous vendons \u201d, a d\u00e9clar\u00e9 Margarita Kovats, pr\u00e9sidente. \u201c Le FlexCharge 3 vise \u00e0 simplifier la fa\u00e7on dont les gens interagissent avec leurs appareils, et il m'accompagne partout o\u00f9 je voyage. C'est une station, un c\u00e2ble, et tout se recharge rapidement en m\u00eame temps. \u201d<\/p>\n\n\n\n<p>Disponible en noir et blanc, le FlexCharge 3 prend en charge une large gamme d\u2019appareils, y compris les iPhone, Android, Apple Watch et les \u00e9couteurs sans fil.<\/p>\n\n\n\n<p>Propos\u00e9 \u00e0 un PDSF de $59,99 $, le FlexCharge3\u2122 offre la commodit\u00e9 sans le prix \u00e9lev\u00e9.<\/p>\n\n\n\n<p><strong>A propos de&nbsp;<\/strong><strong>Parle<\/strong><br>Spracht aide les gens \u00e0 mieux communiquer, n'importe o\u00f9. Bas\u00e9 \u00e0 Palo Alto, en Californie, au c\u0153ur de la Silicon Valley, Spracht con\u00e7oit et d\u00e9veloppe des casques sans fil, des t\u00e9l\u00e9phones de conf\u00e9rence, des haut-parleurs et des accessoires de communication con\u00e7us pour le lieu de travail moderne, qu'il s'agisse d'une salle de conf\u00e9rence d'entreprise, d'un bureau \u00e0 domicile ou de tout autre endroit. Chaque produit Spracht est con\u00e7u autour d'une promesse simple : une communication fluide et limpide sans la complexit\u00e9 ni le prix \u00e9lev\u00e9 des solutions d'entreprise. Les designs prim\u00e9s de Spracht ont remport\u00e9 plusieurs prix CES Design and Engineering Innovations Honoree Awards, dont un prix Best in Category pour les accessoires informatiques, reconnaissant ainsi que ses produits ne fonctionnent pas seulement, ils sont avant-gardistes. Pour les professionnels et les \u00e9quipes qui ont besoin d'outils de communication fiables et riches en fonctionnalit\u00e9s, pr\u00eats \u00e0 l'emploi, Spracht r\u00e9pond \u00e0 leurs besoins. En savoir plus sur&nbsp;<a href=\"https:\/\/spracht.com\/fr\/\">spracht.com<\/a>.<\/p>\n\n\n\n<p>En savoir plus : <\/p>\n\n\n\n<ul class=\"wp-block-list\">\n<li><a href=\"https:\/\/spracht.com\/fr\/shop\/flex-charge-3-white\/\">https:\/\/spracht.com\/shop\/flex-charge-3-white\/<\/a><\/li>\n\n\n\n<li><a href=\"https:\/\/spracht.com\/fr\/shop\/flex-charge-3-black\/\">https:\/\/spracht.com\/shop\/flex-charge-3-black\/<\/a><\/li>\n<\/ul>","protected":false},"excerpt":{"rendered":"<p>Pour diffusion imm\u00e9diate Juin 2024 Spracht lance la station de recharge sans fil FlexCharge 3\u2122 (FC3B \/ FC3W) PALO ALTO, CA \u2014 Charger trois appareils ne devrait pas\u2026<\/p>","protected":false},"author":5,"featured_media":0,"comment_status":"open","ping_status":"closed","sticky":false,"template":"","format":"standard","meta":{"_kad_blocks_custom_css":"","_kad_blocks_head_custom_js":"","_kad_blocks_body_custom_js":"","_kad_blocks_footer_custom_js":"","_kad_post_transparent":"","_kad_post_title":"","_kad_post_layout":"","_kad_post_sidebar_id":"","_kad_post_content_style":"","_kad_post_vertical_padding":"","_kad_post_feature":"","_kad_post_feature_position":"","_kad_post_header":false,"_kad_post_footer":false,"_kad_post_classname":"","_jetpack_memberships_contains_paid_content":false,"footnotes":""},"categories":[41],"tags":[],"class_list":["post-2650","post","type-post","status-publish","format-standard","hentry","category-press-release"],"taxonomy_info":{"category":[{"value":41,"label":"Press Release"}]},"featured_image_src_large":false,"author_info":{"display_name":"Margarita Kovats","author_link":"https:\/\/spracht.com\/fr\/author\/margarita-kovats\/"},"comment_info":0,"category_info":[{"term_id":41,"name":"Press Release","slug":"press-release","term_group":0,"term_taxonomy_id":41,"taxonomy":"category","description":"","parent":0,"count":22,"filter":"raw","cat_ID":41,"category_count":22,"category_description":"","cat_name":"Press Release","category_nicename":"press-release","category_parent":0}],"tag_info":false,"jetpack_featured_media_url":"","jetpack_sharing_enabled":true,"_links":{"self":[{"href":"https:\/\/spracht.com\/fr\/wp-json\/wp\/v2\/posts\/2650","targetHints":{"allow":["GET"]}}],"collection":[{"href":"https:\/\/spracht.com\/fr\/wp-json\/wp\/v2\/posts"}],"about":[{"href":"https:\/\/spracht.com\/fr\/wp-json\/wp\/v2\/types\/post"}],"author":[{"embeddable":true,"href":"https:\/\/spracht.com\/fr\/wp-json\/wp\/v2\/users\/5"}],"replies":[{"embeddable":true,"href":"https:\/\/spracht.com\/fr\/wp-json\/wp\/v2\/comments?post=2650"}],"version-history":[{"count":1,"href":"https:\/\/spracht.com\/fr\/wp-json\/wp\/v2\/posts\/2650\/revisions"}],"predecessor-version":[{"id":2651,"href":"https:\/\/spracht.com\/fr\/wp-json\/wp\/v2\/posts\/2650\/revisions\/2651"}],"wp:attachment":[{"href":"https:\/\/spracht.com\/fr\/wp-json\/wp\/v2\/media?parent=2650"}],"wp:term":[{"taxonomy":"category","embeddable":true,"href":"https:\/\/spracht.com\/fr\/wp-json\/wp\/v2\/categories?post=2650"},{"taxonomy":"post_tag","embeddable":true,"href":"https:\/\/spracht.com\/fr\/wp-json\/wp\/v2\/tags?post=2650"}],"curies":[{"name":"wp","href":"https:\/\/api.w.org\/{rel}","templated":true}]}}