{"id":2646,"date":"2025-03-13T07:23:00","date_gmt":"2025-03-13T14:23:00","guid":{"rendered":"https:\/\/spracht.com\/?p=2646"},"modified":"2026-04-22T08:54:09","modified_gmt":"2026-04-22T15:54:09","slug":"spracht-introduces-workit-usb-corded-headsets-hsusb1-hsusb2","status":"publish","type":"post","link":"https:\/\/spracht.com\/fr\/spracht-introduces-workit-usb-corded-headsets-hsusb1-hsusb2\/","title":{"rendered":"Spracht pr\u00e9sente les casques USB filaires WorkIT!\u2122 (HSUSB1 \/ HSUSB2)"},"content":{"rendered":"<p>Pour diffusion imm\u00e9diate<\/p>\n\n\n\n<p>Mars 2025<\/p>\n\n\n\n<p><strong>Spracht pr\u00e9sente les casques USB filaires WorkIT!\u2122 (HSUSB1 \/ HSUSB2)<\/strong><\/p>\n\n\n\n<p><strong>PALO ALTO, CA \u2014\u00a0<\/strong>Vous \u00eates en Zoom, Teams ou en appel VoIP pendant des heures chaque jour. La derni\u00e8re chose \u00e0 laquelle vous devriez penser est votre casque. Les casques filaires USB WorkIT!\u2122 (HSUSB1 et HSUSB2) sont con\u00e7us pr\u00e9cis\u00e9ment pour ce type de journ\u00e9e \u2013 suffisamment confortables pour \u00eatre port\u00e9s du stand-up matinal jusqu'\u00e0 la fin de la journ\u00e9e, et suffisamment clairs pour que personne ne vous demande jamais de r\u00e9p\u00e9ter.<\/p>\n\n\n\n<p>Disponibles en versions monaural (HSUSB1) et binaural (HSUSB2), les deux casques sont dot\u00e9s de coussinets d'oreille en similicuir super doux et d'un serre-t\u00eate rembourr\u00e9 con\u00e7us pour un port prolong\u00e9. La perche du microphone rotative \u00e0 270\u00b0 se positionne du c\u00f4t\u00e9 de votre choix, et le microphone antibruit \u00e9limine les bruits de fond d'un bureau \u00e0 domicile anim\u00e9 ou d'un espace de travail ouvert afin que votre voix, et uniquement votre voix, soit clairement per\u00e7ue.<\/p>\n\n\n\n<p>Branchez-le sur n'importe quel PC ou Mac et il fonctionne instantan\u00e9ment avec Zoom, Skype, Teams, 3CX et toute autre plateforme de conf\u00e9rence ou VoIP. La t\u00e9l\u00e9commande en ligne vous permet de r\u00e9gler le volume, de couper le son du haut-parleur et du microphone du bout des doigts, pour que vous n'ayez plus jamais \u00e0 chercher dans les menus logiciels en plein appel.<\/p>\n\n\n\n<p>\u201c Les personnes qui passent leurs journ\u00e9es au t\u00e9l\u00e9phone ont besoin d'un casque qui se fait discret \u201d, a d\u00e9clar\u00e9 Mathew Barbour, directeur des op\u00e9rations. \u201c WorkIT!\u2122 est l\u00e9ger, confortable, et fonctionne tout simplement \u2013 ce qui est exactement ce dont vous avez besoin lorsque votre sixi\u00e8me appel de la journ\u00e9e commence. \u201d<\/p>\n\n\n\n<p>Propos\u00e9s au prix de $24,99 $ (monophonique HSUSB1) et $29,99 $ (biphonique HSUSB2) en prix de d\u00e9tail sugg\u00e9r\u00e9, les casques USB filaires WorkIT!\u2122 offrent un confort audio professionnel \u00e0 un prix abordable.<\/p>\n\n\n\n<p><strong>\u00c0 propos de Spracht<\/strong><\/p>\n\n\n\n<p>Spracht aide les gens \u00e0 mieux communiquer, n'importe o\u00f9. Bas\u00e9e \u00e0 Palo Alto, en Californie, au c\u0153ur de la Silicon Valley, Spracht con\u00e7oit et d\u00e9veloppe des casques sans fil, des t\u00e9l\u00e9phones de conf\u00e9rence, des haut-parleurs et des accessoires de communication con\u00e7us pour le lieu de travail moderne, que ce soit dans une salle de conf\u00e9rence d'entreprise, un bureau \u00e0 domicile ou ailleurs. Chaque produit Spracht est con\u00e7u autour d'une promesse simple : une communication transparente et cristalline, sans complexit\u00e9 ni prix d'entreprise. Les conceptions prim\u00e9es de Spracht ont remport\u00e9 plusieurs prix CES Design and Engineering Innovations Honoree Awards, dont un prix \u00ab\u00a0Best in Category Award for Computer Accessories\u00a0\u00bb \u2013 une reconnaissance que ses produits ne fonctionnent pas seulement, ils sont leaders. Pour les professionnels et les \u00e9quipes qui ont besoin d'outils de communication fiables et riches en fonctionnalit\u00e9s, pr\u00eats \u00e0 l'emploi, Spracht est l\u00e0. En savoir plus sur&nbsp;<a href=\"https:\/\/spracht.com\/fr\/\">spracht.com<\/a>.<\/p>\n\n\n\n<p>En savoir plus : <a href=\"https:\/\/spracht.com\/fr\/shop\/workit-usb-corded-headset\/\">https:\/\/spracht.com\/shop\/workit-usb-corded-headset\/<\/a><\/p>\n\n\n\n<p><\/p>","protected":false},"excerpt":{"rendered":"<p>Pour diffusion imm\u00e9diate Mars 2025 Spracht lance les casques filaires USB WorkIT!\u2122 (HSUSB1 \/ HSUSB2) PALO ALTO, CA \u2014 Vous \u00eates\u2026<\/p>","protected":false},"author":5,"featured_media":0,"comment_status":"open","ping_status":"closed","sticky":false,"template":"","format":"standard","meta":{"_kad_blocks_custom_css":"","_kad_blocks_head_custom_js":"","_kad_blocks_body_custom_js":"","_kad_blocks_footer_custom_js":"","_kad_post_transparent":"","_kad_post_title":"","_kad_post_layout":"","_kad_post_sidebar_id":"","_kad_post_content_style":"","_kad_post_vertical_padding":"","_kad_post_feature":"","_kad_post_feature_position":"","_kad_post_header":false,"_kad_post_footer":false,"_kad_post_classname":"","_jetpack_memberships_contains_paid_content":false,"footnotes":""},"categories":[41],"tags":[],"class_list":["post-2646","post","type-post","status-publish","format-standard","hentry","category-press-release"],"taxonomy_info":{"category":[{"value":41,"label":"Press Release"}]},"featured_image_src_large":false,"author_info":{"display_name":"Margarita Kovats","author_link":"https:\/\/spracht.com\/fr\/author\/margarita-kovats\/"},"comment_info":0,"category_info":[{"term_id":41,"name":"Press Release","slug":"press-release","term_group":0,"term_taxonomy_id":41,"taxonomy":"category","description":"","parent":0,"count":22,"filter":"raw","cat_ID":41,"category_count":22,"category_description":"","cat_name":"Press Release","category_nicename":"press-release","category_parent":0}],"tag_info":false,"jetpack_featured_media_url":"","jetpack_sharing_enabled":true,"_links":{"self":[{"href":"https:\/\/spracht.com\/fr\/wp-json\/wp\/v2\/posts\/2646","targetHints":{"allow":["GET"]}}],"collection":[{"href":"https:\/\/spracht.com\/fr\/wp-json\/wp\/v2\/posts"}],"about":[{"href":"https:\/\/spracht.com\/fr\/wp-json\/wp\/v2\/types\/post"}],"author":[{"embeddable":true,"href":"https:\/\/spracht.com\/fr\/wp-json\/wp\/v2\/users\/5"}],"replies":[{"embeddable":true,"href":"https:\/\/spracht.com\/fr\/wp-json\/wp\/v2\/comments?post=2646"}],"version-history":[{"count":2,"href":"https:\/\/spracht.com\/fr\/wp-json\/wp\/v2\/posts\/2646\/revisions"}],"predecessor-version":[{"id":2661,"href":"https:\/\/spracht.com\/fr\/wp-json\/wp\/v2\/posts\/2646\/revisions\/2661"}],"wp:attachment":[{"href":"https:\/\/spracht.com\/fr\/wp-json\/wp\/v2\/media?parent=2646"}],"wp:term":[{"taxonomy":"category","embeddable":true,"href":"https:\/\/spracht.com\/fr\/wp-json\/wp\/v2\/categories?post=2646"},{"taxonomy":"post_tag","embeddable":true,"href":"https:\/\/spracht.com\/fr\/wp-json\/wp\/v2\/tags?post=2646"}],"curies":[{"name":"wp","href":"https:\/\/api.w.org\/{rel}","templated":true}]}}