{"id":1683,"date":"2019-08-01T12:05:00","date_gmt":"2019-08-01T19:05:00","guid":{"rendered":"https:\/\/spracht.com\/?p=1683"},"modified":"2023-07-12T12:38:07","modified_gmt":"2023-07-12T19:38:07","slug":"spracht-expands-north-american-sales-force","status":"publish","type":"post","link":"https:\/\/spracht.com\/fr\/spracht-expands-north-american-sales-force\/","title":{"rendered":"Spracht \u00e9largit sa force de vente en Am\u00e9rique du Nord"},"content":{"rendered":"<p><strong>1er ao\u00fbt 2019<\/strong> <br><strong>Pour diffusion imm\u00e9diate<\/strong><\/p>\n\n\n\n<p><em>Deux directeurs commerciaux exp\u00e9riment\u00e9s rejoignent l'\u00e9quipe de vente de Spracht.<\/em><\/p>\n\n\n\n<p><strong>Palo Alto, CA<\/strong>&nbsp;\u2013 Spracht, concepteur\/producteur de p\u00e9riph\u00e9riques de communication, est ravi d'annoncer l'embauche de Steve Marceau et Dennis Kidney. \u201c Nous sommes absolument ravis d'accueillir Dennis et Steve \u00e0 bord \u201d, a d\u00e9clar\u00e9 Gary Crock, vice-pr\u00e9sident des ventes chez Spracht. \u201c Notre activit\u00e9 est en pleine croissance et il est devenu n\u00e9cessaire d'ajouter des directeurs commerciaux pour soutenir notre strat\u00e9gie de croissance. \u00bb.<\/p>\n\n\n\n<p>Dennis, qui \u00e9tait jusqu'\u00e0 r\u00e9cemment directeur commercial chez Atdec, poss\u00e8de plus de 20 ans d'exp\u00e9rience dans le d\u00e9veloppement des ventes et des canaux de distribution. Dennis sera bas\u00e9 \u00e0 Buffalo et s'occupera \u00e9galement de notre d\u00e9veloppement commercial au Canada. Dennis poss\u00e8de une vaste exp\u00e9rience, notamment en B2B, B2C, distribution par canaux, d\u00e9veloppement commercial aupr\u00e8s des utilisateurs finaux, marketing, lancement de nouveaux produits, secteur priv\u00e9, vente au d\u00e9tail, gouvernement, logiciels et communication.<\/p>\n\n\n\n<p>&nbsp;Steve Marceau apporte \u00e9galement plus de 20 ans d'exp\u00e9rience dans le secteur informatique chez Spracht. Steve est bas\u00e9 \u00e0 Phoenix et sera en charge de la r\u00e9gion ouest. Steve a une exp\u00e9rience manag\u00e9riale au sein de fabricants et de revendeurs d'entreprise, et contribuera aux efforts de Spracht dans le B2B et aupr\u00e8s des revendeurs d'entreprise. Comme il le dit : \u201c Ravi de rejoindre une entreprise aussi agile et innovante, avec une telle gamme de produits couvrant autant de segments de clients et de solutions \u201d.<\/p>\n\n\n\n<p>Steve et Dennis viennent tout juste de commencer chez Spracht et effectuent d\u00e9j\u00e0 du travail de terrain li\u00e9 \u00e0 la haute direction.<\/p>\n\n\n\n<p><strong>\u00c0 propos de Spracht<br><\/strong>Spracht d\u00e9rive du mot allemand signifiant \u201c parler \u201d. Bas\u00e9e \u00e0 Palo Alto, au c\u0153ur de la Silicon Valley californienne, Spracht a pour mission d'aider les gens \u00e0 mieux communiquer, n'importe o\u00f9. Des conceptions innovantes de produits Bluetooth et sans fil lui ont valu de multiples r\u00e9compenses \u201d Design and Engineering Showcase Innovations Honoree Awards \u2018 d\u00e9cern\u00e9es par le CES, ainsi qu'un prix \u201d Best in Category Award \u2018 pour les accessoires informatiques. Des t\u00e9l\u00e9phones de conf\u00e9rence aux haut-parleurs Bluetooth sans fil pour la musique, en passant par la premi\u00e8re webcam r\u00e9volutionnaire \u00e0 mise au point fluide, chaque produit remplit sa fonction de mani\u00e8re transparente, afin que vous puissiez mieux vous r\u00e9unir et communiquer. Nous nous effor\u00e7ons constamment de repousser les limites du d\u00e9veloppement de produits. Pour plus d'informations sur Spracht, veuillez visiter :&nbsp;<a href=\"https:\/\/spracht.com\/fr\/\">www.spracht.com<\/a><\/p>\n\n\n\n<p><strong>Contact presse :<\/strong><br>Marguerite Kovats<br>Parle<br>650-215-7500 x204<br><a rel=\"noreferrer noopener\" href=\"mailto:Margarita.Kovats@spracht.com\" target=\"_blank\">Margarita.Kovats@spracht.com<\/a><\/p>","protected":false},"excerpt":{"rendered":"<p>1er ao\u00fbt 2019 Communiqu\u00e9 de presse imm\u00e9diat Deux responsables commerciaux chevronn\u00e9s et exp\u00e9riment\u00e9s rejoignent l\u2019\u00e9quipe commerciale de Spracht. Palo Alto, CA \u2013 Spracht,\u2026<\/p>","protected":false},"author":2,"featured_media":0,"comment_status":"open","ping_status":"open","sticky":false,"template":"","format":"standard","meta":{"_kad_blocks_custom_css":"","_kad_blocks_head_custom_js":"","_kad_blocks_body_custom_js":"","_kad_blocks_footer_custom_js":"","_kad_post_transparent":"","_kad_post_title":"","_kad_post_layout":"","_kad_post_sidebar_id":"","_kad_post_content_style":"","_kad_post_vertical_padding":"","_kad_post_feature":"","_kad_post_feature_position":"","_kad_post_header":false,"_kad_post_footer":false,"_kad_post_classname":"","_jetpack_memberships_contains_paid_content":false,"footnotes":""},"categories":[41],"tags":[],"class_list":["post-1683","post","type-post","status-publish","format-standard","hentry","category-press-release"],"taxonomy_info":{"category":[{"value":41,"label":"Press Release"}]},"featured_image_src_large":false,"author_info":{"display_name":"Spracht","author_link":"https:\/\/spracht.com\/fr\/author\/spracht-admin\/"},"comment_info":0,"category_info":[{"term_id":41,"name":"Press Release","slug":"press-release","term_group":0,"term_taxonomy_id":41,"taxonomy":"category","description":"","parent":0,"count":22,"filter":"raw","cat_ID":41,"category_count":22,"category_description":"","cat_name":"Press Release","category_nicename":"press-release","category_parent":0}],"tag_info":false,"jetpack_featured_media_url":"","jetpack_sharing_enabled":true,"_links":{"self":[{"href":"https:\/\/spracht.com\/fr\/wp-json\/wp\/v2\/posts\/1683","targetHints":{"allow":["GET"]}}],"collection":[{"href":"https:\/\/spracht.com\/fr\/wp-json\/wp\/v2\/posts"}],"about":[{"href":"https:\/\/spracht.com\/fr\/wp-json\/wp\/v2\/types\/post"}],"author":[{"embeddable":true,"href":"https:\/\/spracht.com\/fr\/wp-json\/wp\/v2\/users\/2"}],"replies":[{"embeddable":true,"href":"https:\/\/spracht.com\/fr\/wp-json\/wp\/v2\/comments?post=1683"}],"version-history":[{"count":2,"href":"https:\/\/spracht.com\/fr\/wp-json\/wp\/v2\/posts\/1683\/revisions"}],"predecessor-version":[{"id":1695,"href":"https:\/\/spracht.com\/fr\/wp-json\/wp\/v2\/posts\/1683\/revisions\/1695"}],"wp:attachment":[{"href":"https:\/\/spracht.com\/fr\/wp-json\/wp\/v2\/media?parent=1683"}],"wp:term":[{"taxonomy":"category","embeddable":true,"href":"https:\/\/spracht.com\/fr\/wp-json\/wp\/v2\/categories?post=1683"},{"taxonomy":"post_tag","embeddable":true,"href":"https:\/\/spracht.com\/fr\/wp-json\/wp\/v2\/tags?post=1683"}],"curies":[{"name":"wp","href":"https:\/\/api.w.org\/{rel}","templated":true}]}}