{"id":1681,"date":"2019-06-17T12:04:00","date_gmt":"2019-06-17T19:04:00","guid":{"rendered":"https:\/\/spracht.com\/?p=1681"},"modified":"2023-07-12T12:05:08","modified_gmt":"2023-07-12T19:05:08","slug":"spracht-announces-distribution-partnership-with-microcom-technologies","status":"publish","type":"post","link":"https:\/\/spracht.com\/fr\/spracht-announces-distribution-partnership-with-microcom-technologies\/","title":{"rendered":"Spracht annonce un partenariat de distribution avec Microcom Technologies"},"content":{"rendered":"<p><strong>17 juin 2019 <\/strong><br><strong>Pour diffusion imm\u00e9diate<\/strong><\/p>\n\n\n\n<p><em>Grossiste national de produits et services de communication d'entreprise fournira \u00e0 Spracht des canaux de distribution pour toute sa gamme de p\u00e9riph\u00e9riques de communication<\/em><\/p>\n\n\n\n<p><strong>Palo Alto, CA<\/strong>&nbsp;Spracht, chef de file reconnu dans le domaine des produits acoustiques innovants et autres produits \u00e9lectroniques grand public, a annonc\u00e9 aujourd'hui un partenariat avec Microcom Technologies, chef de file et fournisseur de l'industrie des communications d'entreprise. Microcom sera reconnu comme un partenaire de distribution autoris\u00e9 et ajoutera Spracht \u00e0 son offre de gros qui comprend des produits et services de communication d'entreprise.<\/p>\n\n\n\n<p>\u201c Nous sommes tr\u00e8s enthousiastes \u00e0 l'id\u00e9e de ce partenariat avec Microcom et de toutes les opportunit\u00e9s de vente en gros qu'il apportera \u00e0 Spracht. Nous sommes particuli\u00e8rement heureux de pouvoir toucher et servir la vaste communaut\u00e9 de revendeurs de t\u00e9l\u00e9communications de Microcom \u201d, a d\u00e9clar\u00e9 Gary Crock, vice-pr\u00e9sident des ventes et du marketing chez Spracht. \u201c Microcom a fait ses preuves en mati\u00e8re d'excellents canaux de distribution, et nous attendons avec impatience la vari\u00e9t\u00e9 d'outils et de services qui seront d\u00e9sormais disponibles pour Spracht. \u201d<\/p>\n\n\n\n<p>En tant que grossiste national de produits de communication professionnelle, Microcom fournira \u00e0 Spracht des canaux de distribution pour leur gamme de produits de p\u00e9riph\u00e9riques de communication, qui comprend des t\u00e9l\u00e9phones de conf\u00e9rence, des casques et des appareils de conf\u00e9rence portables. Microcom offre une exp\u00e9dition le jour m\u00eame, une exp\u00e9dition directe aveugle, un suivi automatis\u00e9 des exp\u00e9ditions et un site s\u00e9curis\u00e9 et priv\u00e9 de commerce \u00e9lectronique et d'information B2B en ligne.<\/p>\n\n\n\n<p>\u201c Nous sommes tr\u00e8s heureux d'ajouter la gamme de p\u00e9riph\u00e9riques de communication prim\u00e9s de Spracht \u00e0 notre catalogue, a d\u00e9clar\u00e9 David Golob, pr\u00e9sident de Microcom. Spracht est une gamme croissante de casques et d'appareils de conf\u00e9rence qui compl\u00e8tent parfaitement nos t\u00e9l\u00e9phones IP et services actuels. Nous pensons que notre client\u00e8le sera r\u00e9ceptive \u00e0 leurs prix agressifs. \u201d<\/p>\n\n\n\n<p>Pour plus d'informations sur la gamme de produits de Spracht, veuillez visiter&nbsp;<a href=\"https:\/\/spracht.com\/fr\/\">www.spracht.com<\/a>. Pour plus d'informations sur Microcom, veuillez visiter&nbsp;<a href=\"https:\/\/www.microcom.us\/spracht.html\" target=\"_blank\" rel=\"noopener\">www.microcom.com<\/a>.<\/p>\n\n\n\n<p><strong>\u00c0 propos de Spracht<br><\/strong>Spracht d\u00e9rive du mot allemand signifiant \u201c parler \u201d. Bas\u00e9e \u00e0 Palo Alto, au c\u0153ur de la Silicon Valley californienne, Spracht a pour mission d'aider les gens \u00e0 mieux communiquer, n'importe o\u00f9. Des conceptions innovantes de produits Bluetooth et sans fil lui ont valu de multiples r\u00e9compenses \u201d Design and Engineering Showcase Innovations Honoree Awards \u2018 d\u00e9cern\u00e9es par le CES, ainsi qu'un prix \u201d Best in Category Award \u2018 pour les accessoires informatiques. Des t\u00e9l\u00e9phones de conf\u00e9rence aux haut-parleurs Bluetooth sans fil pour la musique, en passant par la premi\u00e8re webcam r\u00e9volutionnaire \u00e0 mise au point fluide, chaque produit remplit sa fonction de mani\u00e8re transparente, afin que vous puissiez mieux vous r\u00e9unir et communiquer. Nous nous effor\u00e7ons constamment de repousser les limites du d\u00e9veloppement de produits. Pour plus d'informations sur Spracht, veuillez visiter :&nbsp;<a href=\"https:\/\/spracht.com\/fr\/\">www.spracht.com<\/a><\/p>\n\n\n\n<p><strong>\u00c0 propos de Microcom<br><\/strong>Fond\u00e9 en 1999, Microcom est un distributeur en gros et en stock de produits de t\u00e9l\u00e9phonie sur IP (VoIP) et de r\u00e9seaux sans fil. Nous distribuons des produits dans le monde entier gr\u00e2ce \u00e0 un r\u00e9seau mondial de revendeurs Microcom.<\/p>\n\n\n\n<p><strong>Contact presse :<\/strong><br>Marguerite Kovats<br>Parle<br>650-215-7500 x204<br><a rel=\"noreferrer noopener\" href=\"mailto:Margarita.Kovats@spracht.com\" target=\"_blank\">Margarita.Kovats@spracht.com<\/a><\/p>","protected":false},"excerpt":{"rendered":"<p>17 juin 2019 Pour diffusion imm\u00e9diate Le grossiste national en produits et services de communication d'entreprise fournira \u00e0 Spracht\u2026<\/p>","protected":false},"author":2,"featured_media":0,"comment_status":"open","ping_status":"open","sticky":false,"template":"","format":"standard","meta":{"_kad_blocks_custom_css":"","_kad_blocks_head_custom_js":"","_kad_blocks_body_custom_js":"","_kad_blocks_footer_custom_js":"","_kad_post_transparent":"","_kad_post_title":"","_kad_post_layout":"","_kad_post_sidebar_id":"","_kad_post_content_style":"","_kad_post_vertical_padding":"","_kad_post_feature":"","_kad_post_feature_position":"","_kad_post_header":false,"_kad_post_footer":false,"_kad_post_classname":"","_jetpack_memberships_contains_paid_content":false,"footnotes":""},"categories":[41],"tags":[],"class_list":["post-1681","post","type-post","status-publish","format-standard","hentry","category-press-release"],"taxonomy_info":{"category":[{"value":41,"label":"Press Release"}]},"featured_image_src_large":false,"author_info":{"display_name":"Spracht","author_link":"https:\/\/spracht.com\/fr\/author\/spracht-admin\/"},"comment_info":0,"category_info":[{"term_id":41,"name":"Press Release","slug":"press-release","term_group":0,"term_taxonomy_id":41,"taxonomy":"category","description":"","parent":0,"count":22,"filter":"raw","cat_ID":41,"category_count":22,"category_description":"","cat_name":"Press Release","category_nicename":"press-release","category_parent":0}],"tag_info":false,"jetpack_featured_media_url":"","jetpack_sharing_enabled":true,"_links":{"self":[{"href":"https:\/\/spracht.com\/fr\/wp-json\/wp\/v2\/posts\/1681","targetHints":{"allow":["GET"]}}],"collection":[{"href":"https:\/\/spracht.com\/fr\/wp-json\/wp\/v2\/posts"}],"about":[{"href":"https:\/\/spracht.com\/fr\/wp-json\/wp\/v2\/types\/post"}],"author":[{"embeddable":true,"href":"https:\/\/spracht.com\/fr\/wp-json\/wp\/v2\/users\/2"}],"replies":[{"embeddable":true,"href":"https:\/\/spracht.com\/fr\/wp-json\/wp\/v2\/comments?post=1681"}],"version-history":[{"count":1,"href":"https:\/\/spracht.com\/fr\/wp-json\/wp\/v2\/posts\/1681\/revisions"}],"predecessor-version":[{"id":1682,"href":"https:\/\/spracht.com\/fr\/wp-json\/wp\/v2\/posts\/1681\/revisions\/1682"}],"wp:attachment":[{"href":"https:\/\/spracht.com\/fr\/wp-json\/wp\/v2\/media?parent=1681"}],"wp:term":[{"taxonomy":"category","embeddable":true,"href":"https:\/\/spracht.com\/fr\/wp-json\/wp\/v2\/categories?post=1681"},{"taxonomy":"post_tag","embeddable":true,"href":"https:\/\/spracht.com\/fr\/wp-json\/wp\/v2\/tags?post=1681"}],"curies":[{"name":"wp","href":"https:\/\/api.w.org\/{rel}","templated":true}]}}