{"id":1659,"date":"2016-05-01T11:52:00","date_gmt":"2016-05-01T18:52:00","guid":{"rendered":"https:\/\/spracht.com\/?p=1659"},"modified":"2023-07-12T12:02:04","modified_gmt":"2023-07-12T19:02:04","slug":"spracht-introduces-the-aura-professional-conference-phone","status":"publish","type":"post","link":"https:\/\/spracht.com\/fr\/spracht-introduces-the-aura-professional-conference-phone\/","title":{"rendered":"Spracht pr\u00e9sente le t\u00e9l\u00e9phone de conf\u00e9rence professionnel Aura"},"content":{"rendered":"<p><strong>1 mai 2016<\/strong> <br><strong>Pour diffusion imm\u00e9diate<\/strong><\/p>\n\n\n\n<p>Version PSTN extensible avec 6 microphones au total pour \u00eatre entendu !<\/p>\n\n\n\n<p>Palo Alto, CA \u2013 Spracht, concepteur\/fabricant d'enceintes sans fil et de t\u00e9l\u00e9phones de conf\u00e9rence, annonce son tout nouveau produit dans la gamme de t\u00e9l\u00e9phones de conf\u00e9rence Spracht, le t\u00e9l\u00e9phone de conf\u00e9rence de bureau Aura Professional\u2122. L'Aura Professional\u2122 est un t\u00e9l\u00e9phone de conf\u00e9rence Full-Duplex, Plug-and-Play avec 6 microphones au total pour que vous soyez entendu clairement et fort \u00e0 l'autre bout. \u201c L'Aura PRO\u2122 a un design sophistiqu\u00e9 et un prix tr\u00e8s agressif. Ce t\u00e9l\u00e9phone dispose \u00e9galement de 4 microphones internes et de 2 externes, il peut donc \u00eatre utilis\u00e9 pour les plus grandes salles de conf\u00e9rence si n\u00e9cessaire. C'est \u00e9galement Plug-and-Play et une option tr\u00e8s pragmatique si vous avez besoin d'un t\u00e9l\u00e9phone de conf\u00e9rence haut de gamme \u201d, d\u00e9clare Gary Crock, VP Ventes et Marketing chez Spracht. \u201c Spracht dispose d\u00e9sormais d'une large gamme de t\u00e9l\u00e9phones de conf\u00e9rence et d'appareils de conf\u00e9rence portables et cherche \u00e0 \u00e9largir encore sa gamme \u2013 c'est un moment passionnant pour nous. \u201d<\/p>\n\n\n\n<p>Le t\u00e9l\u00e9phone de conf\u00e9rence de bureau Aura Professional\u2122 est livr\u00e9 avec tout le n\u00e9cessaire pour des conversations en duplex int\u00e9gral claires et puissantes. Il est \u00e9galement dot\u00e9 d'un \u00e9cran LCD avec identification de l'appelant et d'un r\u00e9pertoire t\u00e9l\u00e9phonique de vingt num\u00e9ros. Le produit est largement compatible avec la plupart des syst\u00e8mes PBX gr\u00e2ce \u00e0 son port PBX analogique et pr\u00e9sente un design \u00e9l\u00e9gant \u00e0 quatre pieds. C'est un excellent produit pour les entreprises qui ont besoin d'un t\u00e9l\u00e9phone de conf\u00e9rence haut de gamme sans le prix \u00e9lev\u00e9. L'Aura Professional\u2122 est \u00e9quip\u00e9 de 4 microphones internes, 2 microphones externes, de c\u00e2bles, d'un adaptateur secteur, de connecteurs et d'un manuel. L'Aura Professional\u2122 sera vendu au d\u00e9tail $399,99 et est disponible \u00e0 l'achat sur www.spracht.com et chez de nombreux grands revendeurs en ligne.<\/p>\n\n\n\n<p><strong>\u00c0 propos de Spracht<br><\/strong>Spracht d\u00e9rive du mot allemand signifiant \u201c parler \u201d. Bas\u00e9e \u00e0 Palo Alto, au c\u0153ur de la Silicon Valley californienne, Spracht a pour mission d'aider les gens \u00e0 mieux communiquer, n'importe o\u00f9. Des conceptions innovantes de produits Bluetooth et sans fil lui ont valu de multiples r\u00e9compenses \u201d Design and Engineering Showcase Innovations Honoree Awards \u2018 d\u00e9cern\u00e9es par le CES, ainsi qu'un prix \u201d Best in Category Award \u2018 pour les accessoires informatiques. Des t\u00e9l\u00e9phones de conf\u00e9rence aux haut-parleurs Bluetooth sans fil pour la musique, en passant par la premi\u00e8re webcam r\u00e9volutionnaire \u00e0 mise au point fluide, chaque produit remplit sa fonction de mani\u00e8re transparente, afin que vous puissiez mieux vous r\u00e9unir et communiquer. Nous nous effor\u00e7ons constamment de repousser les limites du d\u00e9veloppement de produits. Pour plus d'informations sur Spracht, veuillez visiter :&nbsp;<a href=\"https:\/\/spracht.com\/fr\/\">www.spracht.com<\/a><\/p>\n\n\n\n<p><strong>Contact presse :<\/strong><br>Marguerite Kovats<br>Parle<br>650-215-7500 x204<br><a rel=\"noreferrer noopener\" href=\"mailto:Margarita.Kovats@spracht.com\" target=\"_blank\">Margarita.Kovats@spracht.com<\/a><\/p>","protected":false},"excerpt":{"rendered":"<p>1er mai 2016 Pour diffusion imm\u00e9diate Version extensible PSTN avec 6 micros au total afin d'\u00eatre\u2026<\/p>","protected":false},"author":2,"featured_media":0,"comment_status":"open","ping_status":"open","sticky":false,"template":"","format":"standard","meta":{"_kad_blocks_custom_css":"","_kad_blocks_head_custom_js":"","_kad_blocks_body_custom_js":"","_kad_blocks_footer_custom_js":"","_kad_post_transparent":"","_kad_post_title":"","_kad_post_layout":"","_kad_post_sidebar_id":"","_kad_post_content_style":"","_kad_post_vertical_padding":"","_kad_post_feature":"","_kad_post_feature_position":"","_kad_post_header":false,"_kad_post_footer":false,"_kad_post_classname":"","_jetpack_memberships_contains_paid_content":false,"footnotes":""},"categories":[41],"tags":[],"class_list":["post-1659","post","type-post","status-publish","format-standard","hentry","category-press-release"],"taxonomy_info":{"category":[{"value":41,"label":"Press Release"}]},"featured_image_src_large":false,"author_info":{"display_name":"Spracht","author_link":"https:\/\/spracht.com\/fr\/author\/spracht-admin\/"},"comment_info":0,"category_info":[{"term_id":41,"name":"Press Release","slug":"press-release","term_group":0,"term_taxonomy_id":41,"taxonomy":"category","description":"","parent":0,"count":22,"filter":"raw","cat_ID":41,"category_count":22,"category_description":"","cat_name":"Press Release","category_nicename":"press-release","category_parent":0}],"tag_info":false,"jetpack_featured_media_url":"","jetpack_sharing_enabled":true,"_links":{"self":[{"href":"https:\/\/spracht.com\/fr\/wp-json\/wp\/v2\/posts\/1659","targetHints":{"allow":["GET"]}}],"collection":[{"href":"https:\/\/spracht.com\/fr\/wp-json\/wp\/v2\/posts"}],"about":[{"href":"https:\/\/spracht.com\/fr\/wp-json\/wp\/v2\/types\/post"}],"author":[{"embeddable":true,"href":"https:\/\/spracht.com\/fr\/wp-json\/wp\/v2\/users\/2"}],"replies":[{"embeddable":true,"href":"https:\/\/spracht.com\/fr\/wp-json\/wp\/v2\/comments?post=1659"}],"version-history":[{"count":3,"href":"https:\/\/spracht.com\/fr\/wp-json\/wp\/v2\/posts\/1659\/revisions"}],"predecessor-version":[{"id":1665,"href":"https:\/\/spracht.com\/fr\/wp-json\/wp\/v2\/posts\/1659\/revisions\/1665"}],"wp:attachment":[{"href":"https:\/\/spracht.com\/fr\/wp-json\/wp\/v2\/media?parent=1659"}],"wp:term":[{"taxonomy":"category","embeddable":true,"href":"https:\/\/spracht.com\/fr\/wp-json\/wp\/v2\/categories?post=1659"},{"taxonomy":"post_tag","embeddable":true,"href":"https:\/\/spracht.com\/fr\/wp-json\/wp\/v2\/tags?post=1659"}],"curies":[{"name":"wp","href":"https:\/\/api.w.org\/{rel}","templated":true}]}}