{"id":1657,"date":"2015-11-10T11:50:00","date_gmt":"2015-11-10T19:50:00","guid":{"rendered":"https:\/\/spracht.com\/?p=1657"},"modified":"2023-07-12T11:53:51","modified_gmt":"2023-07-12T18:53:51","slug":"spracht-named-as-ces-2016-innovation-awards-honoree","status":"publish","type":"post","link":"https:\/\/spracht.com\/fr\/spracht-named-as-ces-2016-innovation-awards-honoree\/","title":{"rendered":"Spracht Nomm\u00e9 Laur\u00e9at du Prix de l'Innovation CES 2016"},"content":{"rendered":"<p><strong>10 novembre 2015<\/strong> <br><strong>Pour diffusion imm\u00e9diate<\/strong><\/p>\n\n\n\n<p>New York, NY, 10 novembre 2015 \u2013 Spracht a annonc\u00e9 aujourd'hui avoir \u00e9t\u00e9 nomm\u00e9 laur\u00e9at des CES 2016 Innovation Awards pour son casque USB\/DECT 6.0 Zum eco-Set\u2122. Les produits soumis \u00e0 ce programme prestigieux sont jug\u00e9s par un panel pr\u00e9\u00e9minent de designers industriels ind\u00e9pendants, d'ing\u00e9nieurs ind\u00e9pendants et de membres de la presse sp\u00e9cialis\u00e9e afin d'honorer l'excellence en mati\u00e8re de design et d'ing\u00e9nierie dans les produits d'\u00e9lectronique grand public de pointe dans 27 cat\u00e9gories de produits.<\/p>\n\n\n\n<p>Le casque DECT Zum eco-Set\u2122 est sans fil, mais pas comme les autres. Les casques DECT offrent la commodit\u00e9 et la libert\u00e9 de s'\u00e9loigner de votre bureau tout en continuant \u00e0 r\u00e9pondre aux appels t\u00e9l\u00e9phoniques. Cependant, ces derniers temps, on s'inqui\u00e8te du fait que l'impulsion radiofr\u00e9quence constante qu'ils \u00e9mettent 24h\/24 et 7j\/7 pourrait avoir des effets n\u00e9fastes sur la sant\u00e9.<\/p>\n\n\n\n<p>Le casque sans fil DECT Zum eco-Set\u2122, le premier en son genre, ajuste dynamiquement sa sortie RF du casque au niveau le plus bas n\u00e9cessaire pour la communication et, lorsqu'il n'est pas utilis\u00e9, cesse d'\u00e9mettre.<\/p>\n\n\n\n<p>Bien que le casque DECT Zum eco-Set\u2122 r\u00e9duise la puissance de sortie et les fr\u00e9quences radio des \u00e9couteurs, il conserve la qualit\u00e9 audio.<\/p>\n\n\n\n<p>La station de base ajuste la fr\u00e9quence radio en quatre \u00e9tapes selon la distance entre le casque et la base. Plus il est proche de la base, plus sa puissance de sortie est faible. Voici comment cela fonctionne : les \u00e9missions varient de z\u00e9ro \u00e9mission, lorsque le casque est \u00e9teint et en mode veille, \u00e0 2% de la puissance maximale lorsqu'une personne est proche de la station de base, par exemple en train de travailler \u00e0 son bureau, \u00e0 8% de la puissance maximale lorsqu'elle s'\u00e9loigne de la station de base. Ce n'est que lorsqu'une personne est \u00e9loign\u00e9e de la station de base que le niveau devra monter au maximum.<\/p>\n\n\n\n<p>\u201c Nous pensons que nos clients appr\u00e9cieront vraiment la combinaison de libert\u00e9 de mouvement, de qualit\u00e9 audio et d'\u00e9missions r\u00e9duites qu'ils exp\u00e9rimenteront avec ces nouveaux casques \u201d, d\u00e9clare Gary Crock, vice-pr\u00e9sident du d\u00e9veloppement commercial mondial et des ventes. \u201c En termes d'\u00e9missions de rayonnements, rien ne prouve que les petites quantit\u00e9s de rayonnements \u00e9mises soient dangereuses lors de l'utilisation d'appareils sans fil. Mais je pense que les gens pr\u00e9f\u00e9reraient avoir des \u00e9missions plus faibles dans la mesure du possible, par mesure de bon sens. \u201d<\/p>\n\n\n\n<p>Gary ajoute : \u201c Et nous appr\u00e9cions que les juges aient vu les avantages tout comme nous, et qu'ils aient d\u00e9cern\u00e9 \u00e0 Spracht notre 9\u00e8me prix de l'innovation \u201d.<\/p>\n\n\n\n<p>Les prestigieux prix CES Innovation Awards sont parrain\u00e9s par la Consumer Technology Association (CTA)\u2122, productrice du CES 2016, le rendez-vous mondial de tous ceux qui prosp\u00e8rent dans le secteur des technologies grand public, et r\u00e9compensent l'excellence en mati\u00e8re de conception et d'ing\u00e9nierie de produits depuis 1976.<\/p>\n\n\n\n<p>Le casque DECT 6.0 Zum eco-Set\u2122 de Spracht sera expos\u00e9 au CES 2016, qui se d\u00e9roulera du 6 au 9 janvier 2016 \u00e0 Las Vegas, Nevada. Une s\u00e9lection des laur\u00e9ats sera \u00e9galement pr\u00e9sent\u00e9e au CES Unveiled New York, qui r\u00e9unira des dizaines d'exposants et offrira des opportunit\u00e9s de r\u00e9seautage, le 10 novembre de 16h30 \u00e0 19h30 au Metropolitan Pavilion \u00e0 New York.<\/p>\n\n\n\n<p>Les participations sont \u00e9valu\u00e9es selon leurs qualit\u00e9s d'ing\u00e9nierie, esth\u00e9tiques et de design, leur usage\/fonction pr\u00e9vu et leur valeur pour l'utilisateur, la fa\u00e7on dont la conception et l'innovation du produit se comparent directement \u00e0 d'autres produits sur le march\u00e9, et les caract\u00e9ristiques uniques\/novatrices pr\u00e9sentes.<\/p>\n\n\n\n<p>Les produits choisis comme laur\u00e9ats du CES Innovation honorent le design et l'ing\u00e9nierie innovants dans certains des produits et services technologiques les plus avanc\u00e9s arrivant sur le march\u00e9.<\/p>\n\n\n\n<p>Les produits \"CES 2016 Innovation Honoree\" sont pr\u00e9sent\u00e9s sur&nbsp;<a href=\"http:\/\/www.cesweb.org\/Innovation\" target=\"_blank\" rel=\"noopener\">CESweb.org\/Innovation<\/a>, qui r\u00e9pertorie les cat\u00e9gories de produits, ainsi que le nom de chaque produit, les informations sur le fabricant, la description, la photo et l'URL.<\/p>\n\n\n\n<p><strong>\u00c0 propos de Spracht<\/strong><br>Spracht d\u00e9rive du mot allemand signifiant \u201c parler \u201d. Bas\u00e9e \u00e0 Palo Alto, au c\u0153ur de la Silicon Valley californienne, Spracht a pour mission d'aider les gens \u00e0 mieux communiquer, o\u00f9 qu'ils soient. Des conceptions innovantes de produits Bluetooth\u00ae et sans fil ont valu \u00e0 Spracht de multiples prix Design and Engineering Showcase Innovations Honoree Awards du CES, ainsi qu'un prix Best in Category pour les accessoires informatiques. Des t\u00e9l\u00e9phones de conf\u00e9rence aux haut-parleurs Bluetooth\u00ae sans fil pour la musique, en passant par la premi\u00e8re webcam r\u00e9volutionnaire \u00e0 mise au point fluide, chaque produit remplit sa fonction de mani\u00e8re transparente, vous permettant de mieux konferenz et communiquer. Nous nous effor\u00e7ons constamment de repousser les limites du d\u00e9veloppement de produits. Pour plus d'informations sur Spracht, veuillez visiter :&nbsp;<a href=\"https:\/\/spracht.com\/fr\/\">www.spracht.com<\/a>.<\/p>\n\n\n\n<p><strong>Contact presse :<\/strong><br>Marguerite Kovats<br>Parle<br>650-215-7500 x204<br><a href=\"mailto:Margarita.Kovats@spracht.com\">Margarita.Kovats@spracht.com<\/a><\/p>","protected":false},"excerpt":{"rendered":"<p>10 novembre 2015 Pour diffusion imm\u00e9diate New York, NY, 10 novembre 2015 \u2013 Spracht a annonc\u00e9 aujourd\u2019hui qu\u2019elle\u2026<\/p>","protected":false},"author":2,"featured_media":0,"comment_status":"open","ping_status":"open","sticky":false,"template":"","format":"standard","meta":{"_kad_blocks_custom_css":"","_kad_blocks_head_custom_js":"","_kad_blocks_body_custom_js":"","_kad_blocks_footer_custom_js":"","_kad_post_transparent":"","_kad_post_title":"","_kad_post_layout":"","_kad_post_sidebar_id":"","_kad_post_content_style":"","_kad_post_vertical_padding":"","_kad_post_feature":"","_kad_post_feature_position":"","_kad_post_header":false,"_kad_post_footer":false,"_kad_post_classname":"","_jetpack_memberships_contains_paid_content":false,"footnotes":""},"categories":[41],"tags":[],"class_list":["post-1657","post","type-post","status-publish","format-standard","hentry","category-press-release"],"taxonomy_info":{"category":[{"value":41,"label":"Press Release"}]},"featured_image_src_large":false,"author_info":{"display_name":"Spracht","author_link":"https:\/\/spracht.com\/fr\/author\/spracht-admin\/"},"comment_info":0,"category_info":[{"term_id":41,"name":"Press Release","slug":"press-release","term_group":0,"term_taxonomy_id":41,"taxonomy":"category","description":"","parent":0,"count":22,"filter":"raw","cat_ID":41,"category_count":22,"category_description":"","cat_name":"Press Release","category_nicename":"press-release","category_parent":0}],"tag_info":false,"jetpack_featured_media_url":"","jetpack_sharing_enabled":true,"_links":{"self":[{"href":"https:\/\/spracht.com\/fr\/wp-json\/wp\/v2\/posts\/1657","targetHints":{"allow":["GET"]}}],"collection":[{"href":"https:\/\/spracht.com\/fr\/wp-json\/wp\/v2\/posts"}],"about":[{"href":"https:\/\/spracht.com\/fr\/wp-json\/wp\/v2\/types\/post"}],"author":[{"embeddable":true,"href":"https:\/\/spracht.com\/fr\/wp-json\/wp\/v2\/users\/2"}],"replies":[{"embeddable":true,"href":"https:\/\/spracht.com\/fr\/wp-json\/wp\/v2\/comments?post=1657"}],"version-history":[{"count":2,"href":"https:\/\/spracht.com\/fr\/wp-json\/wp\/v2\/posts\/1657\/revisions"}],"predecessor-version":[{"id":1663,"href":"https:\/\/spracht.com\/fr\/wp-json\/wp\/v2\/posts\/1657\/revisions\/1663"}],"wp:attachment":[{"href":"https:\/\/spracht.com\/fr\/wp-json\/wp\/v2\/media?parent=1657"}],"wp:term":[{"taxonomy":"category","embeddable":true,"href":"https:\/\/spracht.com\/fr\/wp-json\/wp\/v2\/categories?post=1657"},{"taxonomy":"post_tag","embeddable":true,"href":"https:\/\/spracht.com\/fr\/wp-json\/wp\/v2\/tags?post=1657"}],"curies":[{"name":"wp","href":"https:\/\/api.w.org\/{rel}","templated":true}]}}