{"id":2654,"date":"2024-06-12T07:30:00","date_gmt":"2024-06-12T14:30:00","guid":{"rendered":"https:\/\/spracht.com\/?p=2654"},"modified":"2026-04-22T08:38:58","modified_gmt":"2026-04-22T15:38:58","slug":"spracht-debuts-flexcharge-4-wireless-charging-station-fc4b-fc4w","status":"publish","type":"post","link":"https:\/\/spracht.com\/es\/spracht-debuts-flexcharge-4-wireless-charging-station-fc4b-fc4w\/","title":{"rendered":"Spracht Lanza la Estaci\u00f3n de Carga Inal\u00e1mbrica FlexCharge 4\u2122 (FC4B \/ FC4W)"},"content":{"rendered":"<p>Para Publicaci\u00f3n Inmediata<\/p>\n\n\n\n<p><em>Junio<\/em><em>&nbsp;2024<\/em><\/p>\n\n\n\n<p><strong>Hablar<\/strong><strong>&nbsp;<\/strong><strong>Debut&nbsp;<\/strong><strong>FlexCharge<\/strong><strong>&nbsp;<\/strong><strong>4<\/strong><strong>Estaci\u00f3n de Carga Inal\u00e1mbrica \u2122 (FC<\/strong><strong>4<\/strong><strong>De B \/ FC<\/strong><strong>4<\/strong><strong>W)<\/strong><\/p>\n\n\n\n<p><strong>PALO ALTO, CA \u2014<\/strong>&nbsp;Cargar cuatro dispositivos no deber\u00eda requerir cuatro cables y cuatro adaptadores. Spracht presenta la Estaci\u00f3n de Carga Inal\u00e1mbrica FlexCharge 4\u2122, una soluci\u00f3n 4 en 1 elegante y vers\u00e1til dise\u00f1ada para simplificar la carga diaria.<\/p>\n\n\n\n<p>Con el FlexCharge 4 puedes cargar un smartphone, un smartwatch y unos auriculares al mismo tiempo, liberando espacio en tu escritorio y mesita de noche. La tecnolog\u00eda Qualcomm\u00ae Quick Charge 3.0 y Power Delivery (PD) impulsan el adaptador de carga r\u00e1pida incluido para ofrecer una carga eficiente y de alta velocidad. Mientras que otros te obligan a comprar el adaptador de carga r\u00e1pida, Spracht lo incluye en el paquete, para que puedas empezar a cargar r\u00e1pidamente de inmediato.&nbsp;<\/p>\n\n\n\n<p>Un puerto USB-C adicional significa que incluso hay espacio para un cuarto dispositivo: una tablet, un segundo tel\u00e9fono o cualquier otra cosa que necesite energ\u00eda. Una luz suave en la base te permite encontrar tu lugar y colocar tus dispositivos incluso en una habitaci\u00f3n oscura.<\/p>\n\n\n\n<p>\u201cMi espacio de trabajo est\u00e1 mucho m\u00e1s ordenado ahora\u201d, dijo Margarita Kovats, presidenta. \u201cFlexCharge 4 se trata de simplificar la forma en que las personas interact\u00faan con sus dispositivos. Es una estaci\u00f3n, un cable, y todo se carga r\u00e1pidamente al mismo tiempo\u201d.\u201d<\/p>\n\n\n\n<p>Disponible en negro y blanco, el FlexCharge 4 es compatible con una amplia gama de dispositivos, incluyendo iPhone, Android, Apple Watch y aud\u00edfonos inal\u00e1mbricos.<\/p>\n\n\n\n<p>Priced at $59.99 MSRP, the\u00a0FlexCharge4\u2122 delivers\u00a0convenience\u00a0without the premium price tag.<\/p>\n\n\n\n<p><strong>Acerca de&nbsp;<\/strong><strong>Hablar<\/strong><br>Spracht ayuda a las personas a comunicarse mejor, en cualquier lugar. Con sede en Palo Alto, California, en el coraz\u00f3n de Silicon Valley, Spracht dise\u00f1a y desarrolla aud\u00edfonos inal\u00e1mbricos, tel\u00e9fonos de conferencia, altavoces y accesorios de comunicaci\u00f3n dise\u00f1ados para el lugar de trabajo moderno, ya sea una sala de conferencias corporativa, una oficina en casa o cualquier otro lugar. Cada producto Spracht est\u00e1 dise\u00f1ado en torno a una promesa simple: comunicaci\u00f3n fluida y n\u00edtida sin la complejidad ni el precio de nivel empresarial. Los dise\u00f1os galardonados de Spracht han obtenido m\u00faltiples premios CES Design and Engineering Innovations Honoree Awards, incluido un premio Best in Category Award para accesorios inform\u00e1ticos, lo que demuestra que sus productos no solo funcionan, sino que lideran. Para profesionales y equipos que necesitan herramientas de comunicaci\u00f3n confiables y ricas en funciones que est\u00e9n listas en el momento en que las necesiten, Spracht las ofrece. Obtenga m\u00e1s informaci\u00f3n en&nbsp;<a href=\"https:\/\/spracht.com\/es\/\">spracht.com<\/a>.<\/p>\n\n\n\n<p>M\u00e1s informaci\u00f3n: <\/p>\n\n\n\n<ul class=\"wp-block-list\">\n<li><a href=\"https:\/\/spracht.com\/es\/shop\/flex-charge-4-black\/\">https:\/\/spracht.com\/shop\/flex-charge-4-black\/<\/a><\/li>\n\n\n\n<li><a href=\"https:\/\/spracht.com\/es\/shop\/flex-charge-4-white\/\">https:\/\/spracht.com\/shop\/flex-charge-4-white\/<\/a><\/li>\n<\/ul>","protected":false},"excerpt":{"rendered":"<p>Para distribuci\u00f3n inmediata Junio de 2024 Spracht presenta la estaci\u00f3n de carga inal\u00e1mbrica FlexCharge 4\u2122 (FC4B \/ FC4W) PALO ALTO, CA \u2014 Cargar cuatro dispositivos no deber\u00eda requerir cuatro cables y cuatro adaptadores. Spracht introduce el FlexCharge 4\u2122\u2026<\/p>","protected":false},"author":5,"featured_media":0,"comment_status":"open","ping_status":"closed","sticky":false,"template":"","format":"standard","meta":{"_kad_blocks_custom_css":"","_kad_blocks_head_custom_js":"","_kad_blocks_body_custom_js":"","_kad_blocks_footer_custom_js":"","_kad_post_transparent":"","_kad_post_title":"","_kad_post_layout":"","_kad_post_sidebar_id":"","_kad_post_content_style":"","_kad_post_vertical_padding":"","_kad_post_feature":"","_kad_post_feature_position":"","_kad_post_header":false,"_kad_post_footer":false,"_kad_post_classname":"","_jetpack_memberships_contains_paid_content":false,"footnotes":""},"categories":[41],"tags":[],"class_list":["post-2654","post","type-post","status-publish","format-standard","hentry","category-press-release"],"taxonomy_info":{"category":[{"value":41,"label":"Press Release"}]},"featured_image_src_large":false,"author_info":{"display_name":"Margarita Kovats","author_link":"https:\/\/spracht.com\/es\/author\/margarita-kovats\/"},"comment_info":0,"category_info":[{"term_id":41,"name":"Press Release","slug":"press-release","term_group":0,"term_taxonomy_id":41,"taxonomy":"category","description":"","parent":0,"count":22,"filter":"raw","cat_ID":41,"category_count":22,"category_description":"","cat_name":"Press Release","category_nicename":"press-release","category_parent":0}],"tag_info":false,"jetpack_featured_media_url":"","jetpack_sharing_enabled":true,"_links":{"self":[{"href":"https:\/\/spracht.com\/es\/wp-json\/wp\/v2\/posts\/2654","targetHints":{"allow":["GET"]}}],"collection":[{"href":"https:\/\/spracht.com\/es\/wp-json\/wp\/v2\/posts"}],"about":[{"href":"https:\/\/spracht.com\/es\/wp-json\/wp\/v2\/types\/post"}],"author":[{"embeddable":true,"href":"https:\/\/spracht.com\/es\/wp-json\/wp\/v2\/users\/5"}],"replies":[{"embeddable":true,"href":"https:\/\/spracht.com\/es\/wp-json\/wp\/v2\/comments?post=2654"}],"version-history":[{"count":1,"href":"https:\/\/spracht.com\/es\/wp-json\/wp\/v2\/posts\/2654\/revisions"}],"predecessor-version":[{"id":2655,"href":"https:\/\/spracht.com\/es\/wp-json\/wp\/v2\/posts\/2654\/revisions\/2655"}],"wp:attachment":[{"href":"https:\/\/spracht.com\/es\/wp-json\/wp\/v2\/media?parent=2654"}],"wp:term":[{"taxonomy":"category","embeddable":true,"href":"https:\/\/spracht.com\/es\/wp-json\/wp\/v2\/categories?post=2654"},{"taxonomy":"post_tag","embeddable":true,"href":"https:\/\/spracht.com\/es\/wp-json\/wp\/v2\/tags?post=2654"}],"curies":[{"name":"wp","href":"https:\/\/api.w.org\/{rel}","templated":true}]}}