{"id":1683,"date":"2019-08-01T12:05:00","date_gmt":"2019-08-01T19:05:00","guid":{"rendered":"https:\/\/spracht.com\/?p=1683"},"modified":"2023-07-12T12:38:07","modified_gmt":"2023-07-12T19:38:07","slug":"spracht-expands-north-american-sales-force","status":"publish","type":"post","link":"https:\/\/spracht.com\/es\/spracht-expands-north-american-sales-force\/","title":{"rendered":"Spracht Ampl\u00eda su Fuerza de Ventas en Norteam\u00e9rica"},"content":{"rendered":"<p><strong>1 de agosto de 2019<\/strong> <br><strong>Para Publicaci\u00f3n Inmediata<\/strong><\/p>\n\n\n\n<p><em>Dos Gerentes de Ventas Experimentados y Clave se Unen al Equipo de Ventas de Spracht.<\/em><\/p>\n\n\n\n<p><strong>Palo Alto, CA<\/strong>&nbsp;\u2013 Spracht, dise\u00f1ador y productor de perif\u00e9ricos de comunicaci\u00f3n, se complace en anunciar la contrataci\u00f3n de Steve Marceau y Dennis Kidney. \u201cEstamos absolutamente encantados de dar la bienvenida a Dennis y Steve\u201d, dijo Gary Crock, vicepresidente de ventas de Spracht. \u201cNuestro negocio est\u00e1 creciendo mucho y se hizo necesario agregar m\u00e1s gerentes de ventas para apoyar nuestra estrategia de crecimiento\u201d.<\/p>\n\n\n\n<p>Dennis, quien hasta hace poco era Director de Ventas de Atdec, cuenta con m\u00e1s de 20 a\u00f1os de experiencia en desarrollo de canales y ventas. Dennis estar\u00e1 basado en Buffalo y tambi\u00e9n se encargar\u00e1 de nuestro desarrollo de negocio en Canad\u00e1. Dennis tiene una amplia experiencia que incluye B2B, B2C, distribuci\u00f3n de canales, desarrollo de negocio de usuarios finales, marketing, lanzamiento de nuevos productos, sector privado, minorista, gobierno, software y comunicaciones.<\/p>\n\n\n\n<p>&nbsp;Steve Marceau tambi\u00e9n aporta m\u00e1s de 20 a\u00f1os de experiencia en el canal de TI a Spracht. Steve vive en Phoenix y se encargar\u00e1 de la regi\u00f3n oeste. Steve tiene experiencia gerencial tanto en fabricantes como en revendedores corporativos, y contribuir\u00e1 a la expansi\u00f3n de Spracht en el mercado B2B y de revendedores corporativos. Como \u00e9l mismo dice: \u201cEmocionado de unirme a una empresa tan \u00e1gil e innovadora con una amplia gama de productos que cubren tantos segmentos de clientes y soluciones\u201d.<\/p>\n\n\n\n<p>Tanto Steve como Dennis acaban de empezar en Spracht y ya est\u00e1n realizando trabajos de campo relacionados con la alta gerencia.<\/p>\n\n\n\n<p><strong>Acerca de Spracht<br><\/strong>Spracht deriva de la palabra alemana que significa \u201chablar\u201d. Con sede en Palo Alto, en el coraz\u00f3n del Silicon Valley de California, la misi\u00f3n de Spracht es ayudar a las personas a comunicarse mejor, en cualquier lugar. Los dise\u00f1os innovadores en productos Bluetooth y inal\u00e1mbricos han resultado en m\u00faltiples premios Design and Engineering Showcase Innovations Honoree Awards de CES y un premio Best in Category Award para accesorios de computadora. Desde tel\u00e9fonos para conferencias hasta altavoces Bluetooth inal\u00e1mbricos para m\u00fasica, hasta la revolucionaria primera c\u00e1mara web con enfoque fluido, cada producto cumple su funci\u00f3n a la perfecci\u00f3n, para que pueda organizar conferencias y comunicarse mejor. Nos esforzamos constantemente por superar los l\u00edmites en el desarrollo de productos. Para obtener m\u00e1s informaci\u00f3n sobre Spracht, visite:&nbsp;<a href=\"https:\/\/spracht.com\/es\/\">www.spracht.com<\/a><\/p>\n\n\n\n<p><strong>Contacto de prensa:<\/strong><br>Margarita Kovats<br>Hablar<br>650-215-7500 x204<br><a rel=\"noreferrer noopener\" href=\"mailto:Margarita.Kovats@spracht.com\" target=\"_blank\">Margarita.Kovats@spracht.com<\/a><\/p>","protected":false},"excerpt":{"rendered":"<p>1 de agosto de 2019 Para su publicaci\u00f3n inmediata Dos gerentes de ventas experimentados y clave se unen al equipo de ventas de Spracht. Palo Alto, CA \u2013 Spracht,\u2026<\/p>","protected":false},"author":2,"featured_media":0,"comment_status":"open","ping_status":"open","sticky":false,"template":"","format":"standard","meta":{"_kad_blocks_custom_css":"","_kad_blocks_head_custom_js":"","_kad_blocks_body_custom_js":"","_kad_blocks_footer_custom_js":"","_kad_post_transparent":"","_kad_post_title":"","_kad_post_layout":"","_kad_post_sidebar_id":"","_kad_post_content_style":"","_kad_post_vertical_padding":"","_kad_post_feature":"","_kad_post_feature_position":"","_kad_post_header":false,"_kad_post_footer":false,"_kad_post_classname":"","_jetpack_memberships_contains_paid_content":false,"footnotes":""},"categories":[41],"tags":[],"class_list":["post-1683","post","type-post","status-publish","format-standard","hentry","category-press-release"],"taxonomy_info":{"category":[{"value":41,"label":"Press Release"}]},"featured_image_src_large":false,"author_info":{"display_name":"Spracht","author_link":"https:\/\/spracht.com\/es\/author\/spracht-admin\/"},"comment_info":0,"category_info":[{"term_id":41,"name":"Press Release","slug":"press-release","term_group":0,"term_taxonomy_id":41,"taxonomy":"category","description":"","parent":0,"count":22,"filter":"raw","cat_ID":41,"category_count":22,"category_description":"","cat_name":"Press Release","category_nicename":"press-release","category_parent":0}],"tag_info":false,"jetpack_featured_media_url":"","jetpack_sharing_enabled":true,"_links":{"self":[{"href":"https:\/\/spracht.com\/es\/wp-json\/wp\/v2\/posts\/1683","targetHints":{"allow":["GET"]}}],"collection":[{"href":"https:\/\/spracht.com\/es\/wp-json\/wp\/v2\/posts"}],"about":[{"href":"https:\/\/spracht.com\/es\/wp-json\/wp\/v2\/types\/post"}],"author":[{"embeddable":true,"href":"https:\/\/spracht.com\/es\/wp-json\/wp\/v2\/users\/2"}],"replies":[{"embeddable":true,"href":"https:\/\/spracht.com\/es\/wp-json\/wp\/v2\/comments?post=1683"}],"version-history":[{"count":2,"href":"https:\/\/spracht.com\/es\/wp-json\/wp\/v2\/posts\/1683\/revisions"}],"predecessor-version":[{"id":1695,"href":"https:\/\/spracht.com\/es\/wp-json\/wp\/v2\/posts\/1683\/revisions\/1695"}],"wp:attachment":[{"href":"https:\/\/spracht.com\/es\/wp-json\/wp\/v2\/media?parent=1683"}],"wp:term":[{"taxonomy":"category","embeddable":true,"href":"https:\/\/spracht.com\/es\/wp-json\/wp\/v2\/categories?post=1683"},{"taxonomy":"post_tag","embeddable":true,"href":"https:\/\/spracht.com\/es\/wp-json\/wp\/v2\/tags?post=1683"}],"curies":[{"name":"wp","href":"https:\/\/api.w.org\/{rel}","templated":true}]}}