{"id":1681,"date":"2019-06-17T12:04:00","date_gmt":"2019-06-17T19:04:00","guid":{"rendered":"https:\/\/spracht.com\/?p=1681"},"modified":"2023-07-12T12:05:08","modified_gmt":"2023-07-12T19:05:08","slug":"spracht-announces-distribution-partnership-with-microcom-technologies","status":"publish","type":"post","link":"https:\/\/spracht.com\/es\/spracht-announces-distribution-partnership-with-microcom-technologies\/","title":{"rendered":"Spracht Anuncia Acuerdo de Distribuci\u00f3n con Microcom Technologies"},"content":{"rendered":"<p><strong>17 de junio de 2019 <\/strong><br><strong>Para Publicaci\u00f3n Inmediata<\/strong><\/p>\n\n\n\n<p><em>Mayorista nacional de productos y servicios de comunicaci\u00f3n empresarial proporcionar\u00e1 a Spracht canales de distribuci\u00f3n para toda su l\u00ednea de productos de perif\u00e9ricos de comunicaci\u00f3n.<\/em><\/p>\n\n\n\n<p><strong>Palo Alto, CA<\/strong>&nbsp;\u2013 Spracht, un l\u00edder reconocido en productos ac\u00fasticos innovadores y otros productos electr\u00f3nicos de consumo, anunci\u00f3 hoy una asociaci\u00f3n con Microcom Technologies, un l\u00edder y proveedor en la industria de las comunicaciones empresariales. Microcom ser\u00e1 reconocido como socio distribuidor autorizado y a\u00f1adir\u00e1 a Spracht a su oferta mayorista que incluye productos y servicios de comunicaci\u00f3n empresarial.<\/p>\n\n\n\n<p>\u201cEstamos muy emocionados por la asociaci\u00f3n con Microcom y por todas las oportunidades mayoristas que esto significar\u00e1 para Spracht. Nos complace especialmente llegar y servir a la gran comunidad de distribuidores de telecomunicaciones de Microcom\u201d, dijo Gary Crock, vicepresidente de Ventas y Marketing de Spracht. \u201cMicrocom tiene un historial comprobado de excelentes canales de distribuci\u00f3n, y esperamos con inter\u00e9s la variedad de herramientas y servicios que ahora estar\u00e1n disponibles para Spracht\u201d.\u201d<\/p>\n\n\n\n<p>Como mayorista nacional de productos de comunicaci\u00f3n empresarial, Microcom proporcionar\u00e1 a Spracht canales de distribuci\u00f3n para su l\u00ednea de productos de perif\u00e9ricos de comunicaci\u00f3n, que incluye tel\u00e9fonos para conferencias, auriculares y dispositivos de conferencia port\u00e1tiles. Microcom ofrece env\u00edo el mismo d\u00eda, env\u00edo directo an\u00f3nimo, seguimiento automatizado de env\u00edos y un sitio seguro y privado de compras e informaci\u00f3n B2B en l\u00ednea.<\/p>\n\n\n\n<p>\u201cEstamos muy entusiasmados de a\u00f1adir la l\u00ednea de perif\u00e9ricos de comunicaci\u00f3n premiados de Spracht a nuestro cat\u00e1logo\u201d, dijo David Golob, presidente de Microcom. \u201cSpracht es una l\u00ednea en crecimiento de auriculares y dispositivos de conferencia que son una gran adici\u00f3n a nuestros tel\u00e9fonos y servicios IP actuales. Creemos que nuestra base de clientes ser\u00e1 receptiva a sus agresivos puntos de precio tambi\u00e9n\u201d.\u201d<\/p>\n\n\n\n<p>Para m\u00e1s informaci\u00f3n sobre la l\u00ednea de productos de Spracht, visite&nbsp;<a href=\"https:\/\/spracht.com\/es\/\">www.spracht.com<\/a>. Para m\u00e1s informaci\u00f3n sobre Microcom, por favor visite&nbsp;<a href=\"https:\/\/www.microcom.us\/spracht.html\" target=\"_blank\" rel=\"noopener\">www.microcom.com<\/a>.<\/p>\n\n\n\n<p><strong>Acerca de Spracht<br><\/strong>Spracht deriva de la palabra alemana que significa \u201chablar\u201d. Con sede en Palo Alto, en el coraz\u00f3n del Silicon Valley de California, la misi\u00f3n de Spracht es ayudar a las personas a comunicarse mejor, en cualquier lugar. Los dise\u00f1os innovadores en productos Bluetooth y inal\u00e1mbricos han resultado en m\u00faltiples premios Design and Engineering Showcase Innovations Honoree Awards de CES y un premio Best in Category Award para accesorios de computadora. Desde tel\u00e9fonos para conferencias hasta altavoces Bluetooth inal\u00e1mbricos para m\u00fasica, hasta la revolucionaria primera c\u00e1mara web con enfoque fluido, cada producto cumple su funci\u00f3n a la perfecci\u00f3n, para que pueda organizar conferencias y comunicarse mejor. Nos esforzamos constantemente por superar los l\u00edmites en el desarrollo de productos. Para obtener m\u00e1s informaci\u00f3n sobre Spracht, visite:&nbsp;<a href=\"https:\/\/spracht.com\/es\/\">www.spracht.com<\/a><\/p>\n\n\n\n<p><strong>Acerca de Microcom<br><\/strong>Fundada en 1999, Microcom es un distribuidor mayorista con inventario de productos de redes VoIP e inal\u00e1mbricas. Distribuimos productos alrededor del mundo a trav\u00e9s de una red global de distribuidores autorizados Microcom.<\/p>\n\n\n\n<p><strong>Contacto de prensa:<\/strong><br>Margarita Kovats<br>Hablar<br>650-215-7500 x204<br><a rel=\"noreferrer noopener\" href=\"mailto:Margarita.Kovats@spracht.com\" target=\"_blank\">Margarita.Kovats@spracht.com<\/a><\/p>","protected":false},"excerpt":{"rendered":"<p>17 de junio de 2019 Para difusi\u00f3n inmediata Mayorista nacional de productos y servicios de comunicaci\u00f3n empresarial proveer\u00e1 a Spracht con\u2026<\/p>","protected":false},"author":2,"featured_media":0,"comment_status":"open","ping_status":"open","sticky":false,"template":"","format":"standard","meta":{"_kad_blocks_custom_css":"","_kad_blocks_head_custom_js":"","_kad_blocks_body_custom_js":"","_kad_blocks_footer_custom_js":"","_kad_post_transparent":"","_kad_post_title":"","_kad_post_layout":"","_kad_post_sidebar_id":"","_kad_post_content_style":"","_kad_post_vertical_padding":"","_kad_post_feature":"","_kad_post_feature_position":"","_kad_post_header":false,"_kad_post_footer":false,"_kad_post_classname":"","_jetpack_memberships_contains_paid_content":false,"footnotes":""},"categories":[41],"tags":[],"class_list":["post-1681","post","type-post","status-publish","format-standard","hentry","category-press-release"],"taxonomy_info":{"category":[{"value":41,"label":"Press Release"}]},"featured_image_src_large":false,"author_info":{"display_name":"Spracht","author_link":"https:\/\/spracht.com\/es\/author\/spracht-admin\/"},"comment_info":0,"category_info":[{"term_id":41,"name":"Press Release","slug":"press-release","term_group":0,"term_taxonomy_id":41,"taxonomy":"category","description":"","parent":0,"count":22,"filter":"raw","cat_ID":41,"category_count":22,"category_description":"","cat_name":"Press Release","category_nicename":"press-release","category_parent":0}],"tag_info":false,"jetpack_featured_media_url":"","jetpack_sharing_enabled":true,"_links":{"self":[{"href":"https:\/\/spracht.com\/es\/wp-json\/wp\/v2\/posts\/1681","targetHints":{"allow":["GET"]}}],"collection":[{"href":"https:\/\/spracht.com\/es\/wp-json\/wp\/v2\/posts"}],"about":[{"href":"https:\/\/spracht.com\/es\/wp-json\/wp\/v2\/types\/post"}],"author":[{"embeddable":true,"href":"https:\/\/spracht.com\/es\/wp-json\/wp\/v2\/users\/2"}],"replies":[{"embeddable":true,"href":"https:\/\/spracht.com\/es\/wp-json\/wp\/v2\/comments?post=1681"}],"version-history":[{"count":1,"href":"https:\/\/spracht.com\/es\/wp-json\/wp\/v2\/posts\/1681\/revisions"}],"predecessor-version":[{"id":1682,"href":"https:\/\/spracht.com\/es\/wp-json\/wp\/v2\/posts\/1681\/revisions\/1682"}],"wp:attachment":[{"href":"https:\/\/spracht.com\/es\/wp-json\/wp\/v2\/media?parent=1681"}],"wp:term":[{"taxonomy":"category","embeddable":true,"href":"https:\/\/spracht.com\/es\/wp-json\/wp\/v2\/categories?post=1681"},{"taxonomy":"post_tag","embeddable":true,"href":"https:\/\/spracht.com\/es\/wp-json\/wp\/v2\/tags?post=1681"}],"curies":[{"name":"wp","href":"https:\/\/api.w.org\/{rel}","templated":true}]}}