{"id":1659,"date":"2016-05-01T11:52:00","date_gmt":"2016-05-01T18:52:00","guid":{"rendered":"https:\/\/spracht.com\/?p=1659"},"modified":"2023-07-12T12:02:04","modified_gmt":"2023-07-12T19:02:04","slug":"spracht-introduces-the-aura-professional-conference-phone","status":"publish","type":"post","link":"https:\/\/spracht.com\/es\/spracht-introduces-the-aura-professional-conference-phone\/","title":{"rendered":"Spracht presenta el tel\u00e9fono profesional de conferencias Aura"},"content":{"rendered":"<p><strong>1 de mayo de 2016<\/strong> <br><strong>Para Publicaci\u00f3n Inmediata<\/strong><\/p>\n\n\n\n<p>Versi\u00f3n expandible de PSTN con 6 micr\u00f3fonos en total \u00a1para que se escuche!<\/p>\n\n\n\n<p>Palo Alto, CA \u2013 Spracht, dise\u00f1ador\/productor de bocinas inal\u00e1mbricas y tel\u00e9fonos de conferencia, anuncia su producto m\u00e1s reciente en la l\u00ednea de productos de tel\u00e9fonos de conferencia Spracht, el Tel\u00e9fono de Conferencia de Escritorio Aura Professional\u2122. El Aura Professional\u2122 es un tel\u00e9fono de conferencia Full-Duplex, Plug-and-Play con 6 micr\u00f3fonos en total para que se le escuche con claridad y a alto volumen en el otro extremo. \u201cEl Aura PRO\u2122 tiene un dise\u00f1o sofisticado y un precio muy agresivo. Este tel\u00e9fono tambi\u00e9n tiene 4 micr\u00f3fonos internos y 2 externos, por lo que, si es necesario, puede usarse para las salas de conferencias m\u00e1s grandes. Tambi\u00e9n es Plug-and-Play y es una opci\u00f3n muy pr\u00e1ctica si necesita un tel\u00e9fono de conferencia de alta gama\u201d, afirma Gary Crock, vicepresidente de Ventas y Marketing de Spracht. \u201cSpracht ahora tiene una amplia gama de tel\u00e9fonos de conferencia y dispositivos de conferencia port\u00e1tiles y busca expandir a\u00fan m\u00e1s nuestra l\u00ednea; es un momento emocionante para nosotros\u201d.\u201d<\/p>\n\n\n\n<p>El tel\u00e9fono de conferencia de escritorio Aura Professional\u2122 viene con todo lo que necesita para conversaciones d\u00faplex completas, claras y de alto volumen. Tambi\u00e9n incluye una pantalla LCD con identificador de llamadas y una agenda telef\u00f3nica con capacidad para veinte n\u00fameros. El producto tiene una amplia compatibilidad con la mayor\u00eda de los sistemas PBX utilizando el puerto PBX anal\u00f3gico y tiene un elegante dise\u00f1o de 4 patas. Este es un gran producto para empresas que necesitan un tel\u00e9fono de conferencia de alta gama sin el elevado precio. El Aura Professional\u2122 viene equipado con 4 micr\u00f3fonos internos, 2 micr\u00f3fonos externos, cables, adaptador de corriente de CA, conectores y manual. El Aura Professional\u2122 se vender\u00e1 al por menor por $399.99 y est\u00e1 disponible para su compra en www.spracht.com y en muchos de los principales revendedores en l\u00ednea.<\/p>\n\n\n\n<p><strong>Acerca de Spracht<br><\/strong>Spracht deriva de la palabra alemana que significa \u201chablar\u201d. Con sede en Palo Alto, en el coraz\u00f3n del Silicon Valley de California, la misi\u00f3n de Spracht es ayudar a las personas a comunicarse mejor, en cualquier lugar. Los dise\u00f1os innovadores en productos Bluetooth y inal\u00e1mbricos han resultado en m\u00faltiples premios Design and Engineering Showcase Innovations Honoree Awards de CES y un premio Best in Category Award para accesorios de computadora. Desde tel\u00e9fonos para conferencias hasta altavoces Bluetooth inal\u00e1mbricos para m\u00fasica, hasta la revolucionaria primera c\u00e1mara web con enfoque fluido, cada producto cumple su funci\u00f3n a la perfecci\u00f3n, para que pueda organizar conferencias y comunicarse mejor. Nos esforzamos constantemente por superar los l\u00edmites en el desarrollo de productos. Para obtener m\u00e1s informaci\u00f3n sobre Spracht, visite:&nbsp;<a href=\"https:\/\/spracht.com\/es\/\">www.spracht.com<\/a><\/p>\n\n\n\n<p><strong>Contacto de prensa:<\/strong><br>Margarita Kovats<br>Hablar<br>650-215-7500 x204<br><a rel=\"noreferrer noopener\" href=\"mailto:Margarita.Kovats@spracht.com\" target=\"_blank\">Margarita.Kovats@spracht.com<\/a><\/p>","protected":false},"excerpt":{"rendered":"<p>1 de mayo de 2016 Para publicaci\u00f3n inmediata Versi\u00f3n expandible de PSTN con un total de 6 micr\u00f3fonos para ser\u2026<\/p>","protected":false},"author":2,"featured_media":0,"comment_status":"open","ping_status":"open","sticky":false,"template":"","format":"standard","meta":{"_kad_blocks_custom_css":"","_kad_blocks_head_custom_js":"","_kad_blocks_body_custom_js":"","_kad_blocks_footer_custom_js":"","_kad_post_transparent":"","_kad_post_title":"","_kad_post_layout":"","_kad_post_sidebar_id":"","_kad_post_content_style":"","_kad_post_vertical_padding":"","_kad_post_feature":"","_kad_post_feature_position":"","_kad_post_header":false,"_kad_post_footer":false,"_kad_post_classname":"","_jetpack_memberships_contains_paid_content":false,"footnotes":""},"categories":[41],"tags":[],"class_list":["post-1659","post","type-post","status-publish","format-standard","hentry","category-press-release"],"taxonomy_info":{"category":[{"value":41,"label":"Press Release"}]},"featured_image_src_large":false,"author_info":{"display_name":"Spracht","author_link":"https:\/\/spracht.com\/es\/author\/spracht-admin\/"},"comment_info":0,"category_info":[{"term_id":41,"name":"Press Release","slug":"press-release","term_group":0,"term_taxonomy_id":41,"taxonomy":"category","description":"","parent":0,"count":22,"filter":"raw","cat_ID":41,"category_count":22,"category_description":"","cat_name":"Press Release","category_nicename":"press-release","category_parent":0}],"tag_info":false,"jetpack_featured_media_url":"","jetpack_sharing_enabled":true,"_links":{"self":[{"href":"https:\/\/spracht.com\/es\/wp-json\/wp\/v2\/posts\/1659","targetHints":{"allow":["GET"]}}],"collection":[{"href":"https:\/\/spracht.com\/es\/wp-json\/wp\/v2\/posts"}],"about":[{"href":"https:\/\/spracht.com\/es\/wp-json\/wp\/v2\/types\/post"}],"author":[{"embeddable":true,"href":"https:\/\/spracht.com\/es\/wp-json\/wp\/v2\/users\/2"}],"replies":[{"embeddable":true,"href":"https:\/\/spracht.com\/es\/wp-json\/wp\/v2\/comments?post=1659"}],"version-history":[{"count":3,"href":"https:\/\/spracht.com\/es\/wp-json\/wp\/v2\/posts\/1659\/revisions"}],"predecessor-version":[{"id":1665,"href":"https:\/\/spracht.com\/es\/wp-json\/wp\/v2\/posts\/1659\/revisions\/1665"}],"wp:attachment":[{"href":"https:\/\/spracht.com\/es\/wp-json\/wp\/v2\/media?parent=1659"}],"wp:term":[{"taxonomy":"category","embeddable":true,"href":"https:\/\/spracht.com\/es\/wp-json\/wp\/v2\/categories?post=1659"},{"taxonomy":"post_tag","embeddable":true,"href":"https:\/\/spracht.com\/es\/wp-json\/wp\/v2\/tags?post=1659"}],"curies":[{"name":"wp","href":"https:\/\/api.w.org\/{rel}","templated":true}]}}